{"id":1430,"date":"2020-06-30T09:00:08","date_gmt":"2020-06-30T09:00:08","guid":{"rendered":"https:\/\/staging.addvideos.com\/?post_type=blogs&#038;p=1430"},"modified":"2023-06-15T14:07:51","modified_gmt":"2023-06-15T14:07:51","slug":"quel-impact-la-pandemie-a-t-elle-eu-sur-le-secteur-des-salons-professionnels","status":"publish","type":"blogs","link":"https:\/\/addvideos.com\/fr\/blogs\/quel-impact-la-pandemie-a-t-elle-eu-sur-le-secteur-des-salons-professionnels\/","title":{"rendered":"Quel impact la pand\u00e9mie a-t-elle eu sur le secteur des salons professionnels\u00a0?"},"content":{"rendered":"<p>Les salons professionnels et industriels ont \u00e9t\u00e9 parmi les premiers \u00e9v\u00e9nements touch\u00e9s par la crise du coronavirus. Partant d&#039;Asie, la premi\u00e8re vague d&#039;annulations s&#039;est rapidement propag\u00e9e \u00e0 travers les continents, faisant des ravages non seulement sur les organisateurs mais aussi sur les entreprises, qui comptaient sur les salons professionnels pour leur r\u00e9seautage et leur marketing. Le premier grand \u00e9v\u00e9nement commercial touch\u00e9 par la pand\u00e9mie de COVID-19 a \u00e9t\u00e9 le World Mobile Congress (WMC) \u00e0 Barcelone, qui a enregistr\u00e9 plus de 109 000 visiteurs de 198 comt\u00e9s en 2019, a co\u00fbt\u00e9 \u00e0 la ville plus de 500 millions d&#039;euros de revenus et qui est d\u00e9sormais annul\u00e9 jusqu&#039;\u00e0 nouvel ordre.<\/p>\n\n\n\n<p>Il y a ensuite eu le Salon international du tourisme de Berlin (qui a conclu plus de 7 milliards d&#039;euros de transactions l&#039;ann\u00e9e derni\u00e8re) et le Salon automobile de Gen\u00e8ve. M\u00eame si presque tous les pays ont connu leur part d\u2019\u00e9v\u00e9nements industriels notables, les \u00c9tats-Unis et l\u2019Allemagne ont \u00e9t\u00e9 parmi les plus touch\u00e9s. Par exemple, l\u2019Allemagne accueille plus de 410 millions de visiteurs chaque ann\u00e9e et les salons professionnels apportent une contribution majeure \u00e0 l\u2019\u00e9conomie.<\/p>\n\n\n\n<p>Selon MeetExpo, un total \u00e9norme de&nbsp;<a href=\"https:\/\/www.expodatabase.de\/en\/articles\/125890-coronavirus-leads-to-exhibition-cancellations\"><u>3 273 foires et expositions dans le monde ont \u00e9t\u00e9 report\u00e9es ou annul\u00e9es<\/u><\/a>: 2 010 en Europe (dont 654 rien qu&#039;en Allemagne !), 794 en Asie, 292 en Am\u00e9rique du Nord, 66 en Am\u00e9rique du Sud, 75 en Afrique et 36 en Australie.<\/p>\n\n\n\n<h2 class=\"wp-block-heading\" id=\"h-will-traditional-trade-shows-survive-the-crisis\">Les salons traditionnels survivront-ils \u00e0 la crise ?<\/h2>\n\n\n\n<p>Au vu de ces chiffres, tous les propri\u00e9taires d\u2019entreprise qui comptaient sur les salons professionnels pour gagner des clients se demandent quoi faire ensuite. Les salons professionnels traditionnels sur lesquels ils comptaient jusqu\u2019ici survivront-ils \u00e0 la crise, ou devront-ils se tourner vers les salons professionnels num\u00e9riques et d\u2019autres canaux pour se connecter avec le public ?<\/p>\n\n\n\n<p>Comme la plupart des choses concernant le COVID-19, il existe de nombreuses incertitudes et zones grises. Jusqu\u2019\u00e0 pr\u00e9sent, les grands \u00e9v\u00e9nements en salle sont toujours interdits, et ils le resteront tr\u00e8s probablement jusqu\u2019\u00e0 ce qu\u2019un vaccin soit trouv\u00e9 ou que le nombre de cas actifs reste proche de z\u00e9ro. Mais cela pourrait encore prendre quelques ann\u00e9es, et la r\u00e9ouverture du secteur des salons professionnels d\u00e9pend largement du contexte international : m\u00eame si la situation est sous contr\u00f4le dans le pays h\u00f4te, les \u00e9v\u00e9nements internationaux pourraient encore devenir un risque pour la sant\u00e9 publique s&#039;il y avait \u00e9galement des participants originaires de pays avec des hotspots COVID-19 actifs\u00a0?<\/p>\n\n\n\n<p>Les choses reviendront \u00e0 la normale dans quelques ann\u00e9es. Mais une fois les restrictions lev\u00e9es, certains salons pourraient ne plus exister en raison des lourdes pertes caus\u00e9es par la pand\u00e9mie. Malheureusement, une longue histoire ne garantit pas la survie. Regardons&nbsp;<a href=\"https:\/\/www.forbes.com\/sites\/carolbesler\/2020\/05\/07\/baselworld-2021-cancelled-future-of-the-worlds-largest-watch-and-jewelry-fair-pending\/#4446ff847400\"><u>B\u00e2lemonde<\/u><\/a>, par exemple. Le plus grand et le plus ancien salon de l&#039;horlogerie et de la joaillerie, organis\u00e9 chaque ann\u00e9e depuis 1917, avait initialement \u00e9t\u00e9 report\u00e9 \u00e0 janvier 2021, pour ensuite \u00eatre annul\u00e9 sine die en raison de malentendus de remboursement entre organisateurs et exposants.<\/p>\n\n\n\n<p>Cependant, certaines des marques les plus attractives du salon, comme Rolex, Patek, Seiko et Chopard, ont rapidement fait volte-face et ont annonc\u00e9 leur participation \u00e0 Watches &amp; Wonders, qui s&#039;est converti en format en ligne en avril.<\/p>\n\n\n\n<p>Nous devons \u00e9galement garder \u00e0 l\u2019esprit qu\u2019une fois les restrictions lev\u00e9es, certaines entreprises seront sceptiques quant \u00e0 leur participation aux salons professionnels traditionnels en raison de l\u2019aust\u00e9rit\u00e9 \u00e9conomique post-pand\u00e9mique ou parce qu\u2019elles ne sauront pas avec certitude combien de personnes y assisteront.<\/p>\n\n\n\n<p>De nombreux salons dispara\u00eetront, comme Baselworld, de nouveaux \u00e9v\u00e9nements en ligne appara\u00eetront, certains \u00e9v\u00e9nements deviendront hybrides. Les entreprises peuvent d\u00e9sormais d\u00e9cider de rejoindre ce monde hybride en&nbsp;<a href=\"https:\/\/addvideos.com\/fr\/salle-dexposition-virtuelle\/\"><u>cr\u00e9er des stands virtuels<\/u><\/a>&nbsp;peu importe ce que les organisateurs de l\u2019\u00e9v\u00e9nement d\u00e9cident de faire. Il s\u2019agira d\u2019une combinaison marketing optimale avec les salons professionnels r\u00e9guliers lorsqu\u2019ils reprendront apr\u00e8s la disparition du COVID-19.<\/p>\n\n\n\n<h2 class=\"wp-block-heading\" id=\"h-events-are-going-digital-and-the-big-businesses-are-already-pivoting\">Les \u00e9v\u00e9nements passent au num\u00e9rique \u2013 et les grandes entreprises sont d\u00e9j\u00e0 en train de changer de cap.<\/h2>\n\n\n\n<p>La pand\u00e9mie de coronavirus a mis le secteur des salons professionnels \u00e0 l\u2019arr\u00eat, mais les entreprises intelligentes ont d\u00e9j\u00e0 trouv\u00e9 un moyen de s\u2019adapter et de se connecter avec leur public, m\u00eame en l\u2019absence d\u2019\u00e9v\u00e9nements traditionnels.<\/p>\n\n\n\n<p>L&#039;exemple le plus r\u00e9cent et peut-\u00eatre le plus r\u00e9ussi est&nbsp;<a href=\"https:\/\/www.cnet.com\/news\/apples-wwdc-keynote-was-like-no-other-heres-why-virtual-conference-is-a-good-thing\/\"><u>La WWDC d&#039;Apple<\/u><\/a>, qui a ouvert la voie \u00e0 des \u00e9v\u00e9nements virtuels et montr\u00e9 qu&#039;il n&#039;est pas n\u00e9cessaire de parcourir des centaines de kilom\u00e8tres pour assister \u00e0 un \u00e9v\u00e9nement magistralement produit ou vivre le battage m\u00e9diatique d&#039;un nouveau lancement. Aujourd&#039;hui, la plupart des entreprises ne disposent pas des ressources et du talent d&#039;Apple et ne souhaitent peut-\u00eatre pas produire quelque chose de m\u00eame grandeur. Mais la WWDC de cette ann\u00e9e a \u00e9t\u00e9 une \u00e9tape majeure car les keynotes d&#039;Apple \u00e9taient parmi les \u00e9v\u00e9nements les plus embl\u00e9matiques et le fait qu&#039;ils aient r\u00e9ussi \u00e0 les traduire sous forme num\u00e9rique et \u00e0 attirer plus de 1,8 spectateurs est une r\u00e9ussite ind\u00e9niable. Apple est \u00e9galement la norme dans de nombreux domaines, et il ne serait pas surprenant de voir davantage d&#039;entreprises suivre leurs traces.<\/p>\n\n\n\n<p>Les \u00e9v\u00e9nements en ligne sont plus qu&#039;une simple alternative temporaire aux salons physiques. Oui, ils sont s\u00fbrs, mais, en m\u00eame temps, ils permettent \u00e9galement un plus grand nombre de visiteurs et encore plus de possibilit\u00e9s cr\u00e9atives car vous n&#039;avez pas les limites du monde r\u00e9el. Se pr\u00e9parer aux \u00e9v\u00e9nements num\u00e9riques demande \u00e9galement de la pr\u00e9paration, mais, comme&nbsp;<a href=\"https:\/\/www.nytimes.com\/2020\/04\/30\/fashion\/watches-and-wonders-geneva-baselworld.html\"><u>Jean-Marc Pontrou\u00e9 de Panerai expliqu\u00e9 dans une interview pour le New York Times<\/u><\/a>, l&#039;ensemble du processus est moins stressant qu&#039;un salon professionnel traditionnel :<\/p>\n\n\n\n<p><em>&quot;Nous n&#039;avons pas la tension et le stress d&#039;ouvrir la porte chez Watches &amp; Wonders \u00e0 9 heures du matin, quand il y a cette avalanche de personnes qui arrivent.&quot;<\/em><\/p>\n\n\n\n<p>\u00c0 long terme, les \u00e9v\u00e9nements uniquement en ligne ne constitueront peut-\u00eatre pas une option viable, mais les entreprises pourraient d\u00e9velopper un nouvel \u00e9tat d&#039;esprit en mati\u00e8re de planification d&#039;\u00e9v\u00e9nements et apprendre \u00e0 combiner les deux\u00a0: assister \u00e0 certains salons professionnels traditionnels (par exemple, aller \u00e0 un ou deux grands salons). ceux qui leur rapportent les plus gros profits), et organisent \u00e9galement des \u00e9v\u00e9nements en ligne pour se connecter \u00e0 un public plus large.<\/p>\n\n\n\n<p>Les entreprises ne doivent pas non plus oublier que, lorsqu&#039;il n&#039;est pas possible de participer \u00e0 un \u00e9v\u00e9nement num\u00e9rique, les stands virtuels constituent une alternative pratique et rentable. Ils peuvent \u00eatre mis en ligne sur le site Internet des entreprises ou h\u00e9berg\u00e9s sur une plateforme tierce, ind\u00e9pendamment de l&#039;organisateur. Mais pour obtenir des r\u00e9sultats optimaux, il est important de maintenir le niveau d&#039;interactivit\u00e9 d&#039;un salon professionnel traditionnel et de se concentrer sur l&#039;exp\u00e9rience utilisateur et le contenu multim\u00e9dia riche.<\/p>\n\n\n\n<p>Notre conseil : ne n\u00e9gligez pas le potentiel des salons digitaux. Malgr\u00e9 tous ses inconv\u00e9nients, la pand\u00e9mie de COVID-19 a appris aux entreprises qu\u2019elles doivent acc\u00e9l\u00e9rer leurs capacit\u00e9s num\u00e9riques et que sortir des sentiers battus en cette p\u00e9riode de crise peut \u00eatre une opportunit\u00e9 de croissance.<\/p>","protected":false},"excerpt":{"rendered":"<p>Les salons professionnels et sectoriels ont \u00e9t\u00e9 parmi les premiers \u00e0 \u00eatre touch\u00e9s par la crise du coronavirus. Parti d&#039;Asie, la premi\u00e8re vague d&#039;annulations s&#039;est rapidement propag\u00e9e sur tous les continents, impactant non seulement les organisateurs, mais aussi les entreprises, qui comptaient sur les salons professionnels pour leur r\u00e9seau et leur marketing. Le premier grand \u00e9v\u00e9nement commercial [\u2026]<\/p>","protected":false},"author":1,"featured_media":1431,"comment_status":"closed","ping_status":"closed","template":"","meta":{"_acf_changed":false,"content-type":""},"categories":[15],"tags":[],"class_list":["post-1430","blogs","type-blogs","status-publish","has-post-thumbnail","hentry","category-virtual-showroom"],"acf":[],"yoast_head":"<!-- This site is optimized with the Yoast SEO plugin v25.7 - https:\/\/yoast.com\/wordpress\/plugins\/seo\/ -->\n<title>How Did The Pandemic Impacted The Trade Show Industry<\/title>\n<meta name=\"description\" content=\"In this blog post, we will explain you how did the pandemic impacted the trade show industry all around the world\" \/>\n<meta name=\"robots\" content=\"index, follow, max-snippet:-1, max-image-preview:large, max-video-preview:-1\" \/>\n<link rel=\"canonical\" href=\"https:\/\/addvideos.com\/fr\/blogs\/quel-impact-la-pandemie-a-t-elle-eu-sur-le-secteur-des-salons-professionnels\/\" \/>\n<meta property=\"og:locale\" content=\"fr_FR\" \/>\n<meta property=\"og:type\" content=\"article\" \/>\n<meta property=\"og:title\" content=\"How Did The Pandemic Impacted The Trade Show Industry\" \/>\n<meta property=\"og:description\" content=\"In this blog post, we will explain you how did the pandemic impacted the trade show industry all around the world\" \/>\n<meta property=\"og:url\" content=\"https:\/\/addvideos.com\/fr\/blogs\/quel-impact-la-pandemie-a-t-elle-eu-sur-le-secteur-des-salons-professionnels\/\" \/>\n<meta property=\"og:site_name\" content=\"AddVideos\" \/>\n<meta property=\"article:publisher\" content=\"https:\/\/www.facebook.com\/phil.addvideos\" \/>\n<meta property=\"article:modified_time\" content=\"2023-06-15T14:07:51+00:00\" \/>\n<meta property=\"og:image\" content=\"https:\/\/addvideos.com\/wp-content\/uploads\/2022\/12\/25.jpg\" \/>\n\t<meta property=\"og:image:width\" content=\"1920\" \/>\n\t<meta property=\"og:image:height\" content=\"800\" \/>\n\t<meta property=\"og:image:type\" content=\"image\/jpeg\" \/>\n<meta name=\"twitter:card\" content=\"summary_large_image\" \/>\n<meta name=\"twitter:site\" content=\"@AddingVideos\" \/>\n<meta name=\"twitter:label1\" content=\"Dur\u00e9e de lecture estim\u00e9e\" \/>\n\t<meta name=\"twitter:data1\" content=\"5 minutes\" \/>\n<script type=\"application\/ld+json\" class=\"yoast-schema-graph\">{\"@context\":\"https:\/\/schema.org\",\"@graph\":[{\"@type\":\"WebPage\",\"@id\":\"https:\/\/addvideos.com\/blogs\/how-did-pandemic-impact-the-trade-show-industry\/\",\"url\":\"https:\/\/addvideos.com\/blogs\/how-did-pandemic-impact-the-trade-show-industry\/\",\"name\":\"How Did The Pandemic Impacted The Trade Show Industry\",\"isPartOf\":{\"@id\":\"https:\/\/addvideos.com\/#website\"},\"primaryImageOfPage\":{\"@id\":\"https:\/\/addvideos.com\/blogs\/how-did-pandemic-impact-the-trade-show-industry\/#primaryimage\"},\"image\":{\"@id\":\"https:\/\/addvideos.com\/blogs\/how-did-pandemic-impact-the-trade-show-industry\/#primaryimage\"},\"thumbnailUrl\":\"https:\/\/addvideos.com\/wp-content\/uploads\/2022\/12\/25.jpg\",\"datePublished\":\"2020-06-30T09:00:08+00:00\",\"dateModified\":\"2023-06-15T14:07:51+00:00\",\"description\":\"In this blog post, we will explain you how did the pandemic impacted the trade show industry all around the world\",\"breadcrumb\":{\"@id\":\"https:\/\/addvideos.com\/blogs\/how-did-pandemic-impact-the-trade-show-industry\/#breadcrumb\"},\"inLanguage\":\"fr-FR\",\"potentialAction\":[{\"@type\":\"ReadAction\",\"target\":[\"https:\/\/addvideos.com\/blogs\/how-did-pandemic-impact-the-trade-show-industry\/\"]}]},{\"@type\":\"ImageObject\",\"inLanguage\":\"fr-FR\",\"@id\":\"https:\/\/addvideos.com\/blogs\/how-did-pandemic-impact-the-trade-show-industry\/#primaryimage\",\"url\":\"https:\/\/addvideos.com\/wp-content\/uploads\/2022\/12\/25.jpg\",\"contentUrl\":\"https:\/\/addvideos.com\/wp-content\/uploads\/2022\/12\/25.jpg\",\"width\":1920,\"height\":800},{\"@type\":\"BreadcrumbList\",\"@id\":\"https:\/\/addvideos.com\/blogs\/how-did-pandemic-impact-the-trade-show-industry\/#breadcrumb\",\"itemListElement\":[{\"@type\":\"ListItem\",\"position\":1,\"name\":\"Home\",\"item\":\"https:\/\/addvideos.com\/\"},{\"@type\":\"ListItem\",\"position\":2,\"name\":\"How Did The Pandemic Impacted the Trade Show Industry?\"}]},{\"@type\":\"WebSite\",\"@id\":\"https:\/\/addvideos.com\/#website\",\"url\":\"https:\/\/addvideos.com\/\",\"name\":\"AddVideos\",\"description\":\"Award Winning Creative Digital Agency\",\"publisher\":{\"@id\":\"https:\/\/addvideos.com\/#organization\"},\"potentialAction\":[{\"@type\":\"SearchAction\",\"target\":{\"@type\":\"EntryPoint\",\"urlTemplate\":\"https:\/\/addvideos.com\/?s={search_term_string}\"},\"query-input\":{\"@type\":\"PropertyValueSpecification\",\"valueRequired\":true,\"valueName\":\"search_term_string\"}}],\"inLanguage\":\"fr-FR\"},{\"@type\":\"Organization\",\"@id\":\"https:\/\/addvideos.com\/#organization\",\"name\":\"AddVideos\",\"url\":\"https:\/\/addvideos.com\/\",\"logo\":{\"@type\":\"ImageObject\",\"inLanguage\":\"fr-FR\",\"@id\":\"https:\/\/addvideos.com\/#\/schema\/logo\/image\/\",\"url\":\"https:\/\/addvideos.com\/wp-content\/uploads\/2023\/04\/LogoBig-jpg.webp\",\"contentUrl\":\"https:\/\/addvideos.com\/wp-content\/uploads\/2023\/04\/LogoBig-jpg.webp\",\"width\":1902,\"height\":1903,\"caption\":\"AddVideos\"},\"image\":{\"@id\":\"https:\/\/addvideos.com\/#\/schema\/logo\/image\/\"},\"sameAs\":[\"https:\/\/www.facebook.com\/phil.addvideos\",\"https:\/\/x.com\/AddingVideos\",\"https:\/\/www.linkedin.com\/company\/addvideos-com\",\"https:\/\/www.youtube.com\/channel\/UC1lScpTR3LdCfOjogiKMkRw\",\"https:\/\/www.instagram.com\/addvideos_creativeagency\/\"]}]}<\/script>\n<!-- \/ Yoast SEO plugin. -->","yoast_head_json":{"title":"Comment la pand\u00e9mie a-t-elle impact\u00e9 le secteur des salons professionnels","description":"Dans cet article de blog, nous vous expliquerons l\u2019impact de la pand\u00e9mie sur le secteur des salons professionnels dans le monde entier.","robots":{"index":"index","follow":"follow","max-snippet":"max-snippet:-1","max-image-preview":"max-image-preview:large","max-video-preview":"max-video-preview:-1"},"canonical":"https:\/\/addvideos.com\/fr\/blogs\/quel-impact-la-pandemie-a-t-elle-eu-sur-le-secteur-des-salons-professionnels\/","og_locale":"fr_FR","og_type":"article","og_title":"How Did The Pandemic Impacted The Trade Show Industry","og_description":"In this blog post, we will explain you how did the pandemic impacted the trade show industry all around the world","og_url":"https:\/\/addvideos.com\/fr\/blogs\/quel-impact-la-pandemie-a-t-elle-eu-sur-le-secteur-des-salons-professionnels\/","og_site_name":"AddVideos","article_publisher":"https:\/\/www.facebook.com\/phil.addvideos","article_modified_time":"2023-06-15T14:07:51+00:00","og_image":[{"width":1920,"height":800,"url":"https:\/\/addvideos.com\/wp-content\/uploads\/2022\/12\/25.jpg","type":"image\/jpeg"}],"twitter_card":"summary_large_image","twitter_site":"@AddingVideos","twitter_misc":{"Dur\u00e9e de lecture estim\u00e9e":"5 minutes"},"schema":{"@context":"https:\/\/schema.org","@graph":[{"@type":"WebPage","@id":"https:\/\/addvideos.com\/blogs\/how-did-pandemic-impact-the-trade-show-industry\/","url":"https:\/\/addvideos.com\/blogs\/how-did-pandemic-impact-the-trade-show-industry\/","name":"Comment la pand\u00e9mie a-t-elle impact\u00e9 le secteur des salons professionnels","isPartOf":{"@id":"https:\/\/addvideos.com\/#website"},"primaryImageOfPage":{"@id":"https:\/\/addvideos.com\/blogs\/how-did-pandemic-impact-the-trade-show-industry\/#primaryimage"},"image":{"@id":"https:\/\/addvideos.com\/blogs\/how-did-pandemic-impact-the-trade-show-industry\/#primaryimage"},"thumbnailUrl":"https:\/\/addvideos.com\/wp-content\/uploads\/2022\/12\/25.jpg","datePublished":"2020-06-30T09:00:08+00:00","dateModified":"2023-06-15T14:07:51+00:00","description":"Dans cet article de blog, nous vous expliquerons l\u2019impact de la pand\u00e9mie sur le secteur des salons professionnels dans le monde entier.","breadcrumb":{"@id":"https:\/\/addvideos.com\/blogs\/how-did-pandemic-impact-the-trade-show-industry\/#breadcrumb"},"inLanguage":"fr-FR","potentialAction":[{"@type":"ReadAction","target":["https:\/\/addvideos.com\/blogs\/how-did-pandemic-impact-the-trade-show-industry\/"]}]},{"@type":"ImageObject","inLanguage":"fr-FR","@id":"https:\/\/addvideos.com\/blogs\/how-did-pandemic-impact-the-trade-show-industry\/#primaryimage","url":"https:\/\/addvideos.com\/wp-content\/uploads\/2022\/12\/25.jpg","contentUrl":"https:\/\/addvideos.com\/wp-content\/uploads\/2022\/12\/25.jpg","width":1920,"height":800},{"@type":"BreadcrumbList","@id":"https:\/\/addvideos.com\/blogs\/how-did-pandemic-impact-the-trade-show-industry\/#breadcrumb","itemListElement":[{"@type":"ListItem","position":1,"name":"Home","item":"https:\/\/addvideos.com\/"},{"@type":"ListItem","position":2,"name":"How Did The Pandemic Impacted the Trade Show Industry?"}]},{"@type":"WebSite","@id":"https:\/\/addvideos.com\/#website","url":"https:\/\/addvideos.com\/","name":"Ajouter des vid\u00e9os","description":"Agence num\u00e9rique cr\u00e9ative prim\u00e9e","publisher":{"@id":"https:\/\/addvideos.com\/#organization"},"potentialAction":[{"@type":"SearchAction","target":{"@type":"EntryPoint","urlTemplate":"https:\/\/addvideos.com\/?s={search_term_string}"},"query-input":{"@type":"PropertyValueSpecification","valueRequired":true,"valueName":"search_term_string"}}],"inLanguage":"fr-FR"},{"@type":"Organization","@id":"https:\/\/addvideos.com\/#organization","name":"Ajouter des vid\u00e9os","url":"https:\/\/addvideos.com\/","logo":{"@type":"ImageObject","inLanguage":"fr-FR","@id":"https:\/\/addvideos.com\/#\/schema\/logo\/image\/","url":"https:\/\/addvideos.com\/wp-content\/uploads\/2023\/04\/LogoBig-jpg.webp","contentUrl":"https:\/\/addvideos.com\/wp-content\/uploads\/2023\/04\/LogoBig-jpg.webp","width":1902,"height":1903,"caption":"AddVideos"},"image":{"@id":"https:\/\/addvideos.com\/#\/schema\/logo\/image\/"},"sameAs":["https:\/\/www.facebook.com\/phil.addvideos","https:\/\/x.com\/AddingVideos","https:\/\/www.linkedin.com\/company\/addvideos-com","https:\/\/www.youtube.com\/channel\/UC1lScpTR3LdCfOjogiKMkRw","https:\/\/www.instagram.com\/addvideos_creativeagency\/"]}]}},"_links":{"self":[{"href":"https:\/\/addvideos.com\/fr\/wp-json\/wp\/v2\/blogs\/1430","targetHints":{"allow":["GET"]}}],"collection":[{"href":"https:\/\/addvideos.com\/fr\/wp-json\/wp\/v2\/blogs"}],"about":[{"href":"https:\/\/addvideos.com\/fr\/wp-json\/wp\/v2\/types\/blogs"}],"author":[{"embeddable":true,"href":"https:\/\/addvideos.com\/fr\/wp-json\/wp\/v2\/users\/1"}],"replies":[{"embeddable":true,"href":"https:\/\/addvideos.com\/fr\/wp-json\/wp\/v2\/comments?post=1430"}],"wp:featuredmedia":[{"embeddable":true,"href":"https:\/\/addvideos.com\/fr\/wp-json\/wp\/v2\/media\/1431"}],"wp:attachment":[{"href":"https:\/\/addvideos.com\/fr\/wp-json\/wp\/v2\/media?parent=1430"}],"wp:term":[{"taxonomy":"category","embeddable":true,"href":"https:\/\/addvideos.com\/fr\/wp-json\/wp\/v2\/categories?post=1430"},{"taxonomy":"post_tag","embeddable":true,"href":"https:\/\/addvideos.com\/fr\/wp-json\/wp\/v2\/tags?post=1430"}],"curies":[{"name":"wp","href":"https:\/\/api.w.org\/{rel}","templated":true}]}}